{"id":5269,"date":"2012-12-05T00:00:00","date_gmt":"2012-12-05T00:00:00","guid":{"rendered":"https:\/\/biovegen.org\/?p=5269"},"modified":"2020-05-14T08:39:12","modified_gmt":"2020-05-14T08:39:12","slug":"entrevista-biovegen-para-el-blog-biotecnoblogos","status":"publish","type":"post","link":"https:\/\/biovegen.org\/en\/noticias\/entrevista-biovegen-para-el-blog-biotecnoblogos\/","title":{"rendered":"Interviews with BIOVEGEN during the II Conference on Agricultural Transgenics"},"content":{"rendered":"<p>Coinciding with the <a href=\"http:\/\/www.absal.org\/ABSal\/IIJTAportal.html\" target=\"_blank\" rel=\"noopener\"><strong>II Conference on Agricultural Transgenics<\/strong><\/a> held on November 22 and 23 in Salamanca, in which BIOVEGEN participated as a speaker, the manager of the Platform, Gonzaga Ruiz de Gauna, was interviewed by the <strong><a rel=\"noreferrer noopener\" href=\"https:\/\/febiotec.es\/\" target=\"_blank\">Spanish Federation of <em>Biotechnologists<\/em> (FEBiotec)<\/a><\/strong> and for the <strong><a rel=\"noreferrer noopener\" href=\"https:\/\/www.dicyt.com\/quienes-somos\" target=\"_blank\">Ibero-American Agency for the Diffusion of Science and Technology (DiCYT)<\/a><\/strong><\/p>\n\n\n\n<div class=\"wp-block-columns is-layout-flex wp-container-core-columns-is-layout-9d6595d7 wp-block-columns-is-layout-flex\">\n<div class=\"wp-block-column is-layout-flow wp-block-column-is-layout-flow\">\n<div class=\"wp-block-buttons aligncenter is-layout-flex wp-block-buttons-is-layout-flex\">\n<div class=\"wp-block-button\"><a class=\"wp-block-button__link\" href=\"http:\/\/biotecnoblogos.febiotec.es\/entrevista-a-gonzaga-ruiz-de-gauna\/\" target=\"_blank\" rel=\"noreferrer noopener\">FEBiotec Blog<\/a><\/div>\n<\/div>\n<\/div>\n\n\n\n<div class=\"wp-block-column is-layout-flow wp-block-column-is-layout-flow\">\n<div class=\"wp-block-buttons aligncenter is-layout-flex wp-block-buttons-is-layout-flex\">\n<div class=\"wp-block-button\"><a class=\"wp-block-button__link\" href=\"http:\/\/diariodesalamanca.es\/2012\/11\/23\/los-expertos-reclaman-una-apuesta-por-la-biotecnologia-vegetal-aplicada\/\" target=\"_blank\" rel=\"noreferrer noopener\">DiCYT Agency<\/a><\/div>\n<\/div>\n<\/div>\n<\/div>","protected":false},"excerpt":{"rendered":"<p>Coincidiendo con las II Jornadas de Transg\u00e9nicos Agr\u00edcolas celebradas el 22 y 23 de noviembre en Salamanca, en las que BIOVEGEN particip\u00f3 como ponente, el gerente de la Plataforma, Gonzaga Ruiz de Gauna, fue entrevistado por la Federaci\u00f3n Espa\u00f1ola de Biotecnol\u00f3gos (FEBiotec) y por la Agencia Iberoamericana para la Difusi\u00f3n de la Ciencia y la [&hellip;]<\/p>\n","protected":false},"author":1,"featured_media":5270,"comment_status":"open","ping_status":"open","sticky":false,"template":"","format":"standard","meta":{"_acf_changed":false,"inline_featured_image":false,"footnotes":""},"categories":[22,46,19],"tags":[],"class_list":["post-5269","post","type-post","status-publish","format-standard","has-post-thumbnail","hentry","category-actualidad","category-biovegen-medios-comunicacion","category-noticias"],"acf":[],"_links":{"self":[{"href":"https:\/\/biovegen.org\/en\/wp-json\/wp\/v2\/posts\/5269","targetHints":{"allow":["GET"]}}],"collection":[{"href":"https:\/\/biovegen.org\/en\/wp-json\/wp\/v2\/posts"}],"about":[{"href":"https:\/\/biovegen.org\/en\/wp-json\/wp\/v2\/types\/post"}],"author":[{"embeddable":true,"href":"https:\/\/biovegen.org\/en\/wp-json\/wp\/v2\/users\/1"}],"replies":[{"embeddable":true,"href":"https:\/\/biovegen.org\/en\/wp-json\/wp\/v2\/comments?post=5269"}],"version-history":[{"count":0,"href":"https:\/\/biovegen.org\/en\/wp-json\/wp\/v2\/posts\/5269\/revisions"}],"wp:featuredmedia":[{"embeddable":true,"href":"https:\/\/biovegen.org\/en\/wp-json\/wp\/v2\/media\/5270"}],"wp:attachment":[{"href":"https:\/\/biovegen.org\/en\/wp-json\/wp\/v2\/media?parent=5269"}],"wp:term":[{"taxonomy":"category","embeddable":true,"href":"https:\/\/biovegen.org\/en\/wp-json\/wp\/v2\/categories?post=5269"},{"taxonomy":"post_tag","embeddable":true,"href":"https:\/\/biovegen.org\/en\/wp-json\/wp\/v2\/tags?post=5269"}],"curies":[{"name":"wp","href":"https:\/\/api.w.org\/{rel}","templated":true}]}}