{"id":25023,"date":"2026-03-04T13:49:22","date_gmt":"2026-03-04T12:49:22","guid":{"rendered":"https:\/\/biovegen.org\/?p=25023"},"modified":"2026-03-11T09:35:35","modified_gmt":"2026-03-11T08:35:35","slug":"las-razones-geopoliticas-las-del-no-nobel-para-mojica-por-su-crispr-y-la-razon-de-biovegen","status":"publish","type":"post","link":"https:\/\/biovegen.org\/en\/otros\/las-razones-geopoliticas-las-del-no-nobel-para-mojica-por-su-crispr-y-la-razon-de-biovegen\/","title":{"rendered":"The geopolitical reasons, the reasons for Mojica not winning the Nobel Prize for &#039;his&#039; CRISPR, and the Biovegen reason"},"content":{"rendered":"<p>In this extensive opinion piece published in various agricultural online publications, Gonzaga Ruiz de Gauna Guti\u00e9rrez, director of Biovegen, analyzes how a European and Spanish discovery, CRISPR, identified by Francis Mojica from Alicante, did not receive the 2020 Nobel Prize in Chemistry, and how EU laws have hampered and hindered the development of this plant gene-editing technique. Ruiz de Gauna also explains the geopolitical reasons that will allow these difficulties to be overcome and that will soon result in new, more tailored regulations, leading to a surge in European projects of this kind.<\/p>\n\n\n\n<p>Read the full article at<\/p>\n\n\n\n<ul class=\"wp-block-list\">\n<li><a href=\"https:\/\/revistamercados.com\/biovegen-ntg-crispr\/\" target=\"_blank\" data-type=\"link\" data-id=\"https:\/\/revistamercados.com\/biovegen-ntg-crispr\/\" rel=\"noreferrer noopener\">Markets Magazine<\/a><\/li>\n\n\n\n<li><a href=\"https:\/\/valenciafruits.com\/las-razones-geopoliticas-las-del-no-nobel-para-mojica-por-su-crispr-y-la-razon-de-biovegen\/\" data-type=\"link\" data-id=\"https:\/\/valenciafruits.com\/las-razones-geopoliticas-las-del-no-nobel-para-mojica-por-su-crispr-y-la-razon-de-biovegen\/\" target=\"_blank\" rel=\"noopener\">Valencia Fruits<\/a><\/li>\n\n\n\n<li><a href=\"https:\/\/fruittoday.com\/las-razones-geopoliticas-las-del-no-nobel-para-mojica-por-su-crispr-y-la-razon-de-biovegen\/\" target=\"_blank\" data-type=\"link\" data-id=\"https:\/\/fruittoday.com\/las-razones-geopoliticas-las-del-no-nobel-para-mojica-por-su-crispr-y-la-razon-de-biovegen\/\" rel=\"noreferrer noopener\">Fruit Today<\/a><\/li>\n\n\n\n<li><a href=\"https:\/\/www.qcom.es\/crispr\/opiniones\/las-razones-geopoliticas--las-del-no-nobel-para-mojica-por-su-crispr-y-la-razon-de-biovegen_81924_2962_81474_0_1_in.html\" target=\"_blank\" data-type=\"link\" data-id=\"https:\/\/www.qcom.es\/crispr\/opiniones\/las-razones-geopoliticas--las-del-no-nobel-para-mojica-por-su-crispr-y-la-razon-de-biovegen_81924_2962_81474_0_1_in.html\" rel=\"noreferrer noopener\">Qcom.es<\/a><\/li>\n\n\n\n<li><a href=\"https:\/\/www.agronegocios.es\/agronegocios\/punto-de-vista\/las-razones-geopoliticas-las-del-no-nobel-para-mojica-por-su-crispr-y-la-razon-de-biovegen\/\" data-type=\"link\" data-id=\"https:\/\/www.agronegocios.es\/agronegocios\/punto-de-vista\/las-razones-geopoliticas-las-del-no-nobel-para-mojica-por-su-crispr-y-la-razon-de-biovegen\/\" target=\"_blank\" rel=\"noreferrer noopener\">Agribusiness.es<\/a><\/li>\n\n\n\n<li><a href=\"https:\/\/www.agronewscomunitatvalenciana.com\/las-razones-geopoliticas-las-del-no-nobel-para-mojica-por-su-crispr-y-la-razon-de-biovegen\" data-type=\"link\" data-id=\"https:\/\/www.agronewscomunitatvalenciana.com\/las-razones-geopoliticas-las-del-no-nobel-para-mojica-por-su-crispr-y-la-razon-de-biovegen\" target=\"_blank\" rel=\"noreferrer noopener\">Agronews Comunitat Valenciana<\/a><\/li>\n\n\n\n<li><a href=\"https:\/\/www.interempresas.net\/Horticola\/625094-razones-geopoliticas-del-no-Nobel-para-Mojica-por-su-CRISPR-y-razon-de-Biovegen.html\" target=\"_blank\" data-type=\"link\" data-id=\"https:\/\/www.interempresas.net\/Horticola\/625094-razones-geopoliticas-del-no-Nobel-para-Mojica-por-su-CRISPR-y-razon-de-Biovegen.html\" rel=\"noreferrer noopener\">Intercompany<\/a><\/li>\n<\/ul>","protected":false},"excerpt":{"rendered":"<p>El director de Biovegen, Gonzaga Ruiz de Gauna Guti\u00e9rrez, analiza en esta amplia tribuna publicada en diversos digitales agrarios, c\u00f3mo un descubrimiento europeo y espa\u00f1ol, el CRISPR identificado por el alicantino Francis Mojica, no mereci\u00f3 el Nobel de Qu\u00edmica de 2020 y c\u00f3mo en la UE nuestras leyes han lastrado y puesto trabas al desarrollo [&hellip;]<\/p>\n","protected":false},"author":1,"featured_media":25028,"comment_status":"open","ping_status":"open","sticky":false,"template":"","format":"standard","meta":{"_acf_changed":false,"inline_featured_image":false,"footnotes":""},"categories":[46,19,1],"tags":[],"class_list":["post-25023","post","type-post","status-publish","format-standard","has-post-thumbnail","hentry","category-biovegen-medios-comunicacion","category-noticias","category-otros"],"acf":[],"_links":{"self":[{"href":"https:\/\/biovegen.org\/en\/wp-json\/wp\/v2\/posts\/25023","targetHints":{"allow":["GET"]}}],"collection":[{"href":"https:\/\/biovegen.org\/en\/wp-json\/wp\/v2\/posts"}],"about":[{"href":"https:\/\/biovegen.org\/en\/wp-json\/wp\/v2\/types\/post"}],"author":[{"embeddable":true,"href":"https:\/\/biovegen.org\/en\/wp-json\/wp\/v2\/users\/1"}],"replies":[{"embeddable":true,"href":"https:\/\/biovegen.org\/en\/wp-json\/wp\/v2\/comments?post=25023"}],"version-history":[{"count":3,"href":"https:\/\/biovegen.org\/en\/wp-json\/wp\/v2\/posts\/25023\/revisions"}],"predecessor-version":[{"id":25057,"href":"https:\/\/biovegen.org\/en\/wp-json\/wp\/v2\/posts\/25023\/revisions\/25057"}],"wp:featuredmedia":[{"embeddable":true,"href":"https:\/\/biovegen.org\/en\/wp-json\/wp\/v2\/media\/25028"}],"wp:attachment":[{"href":"https:\/\/biovegen.org\/en\/wp-json\/wp\/v2\/media?parent=25023"}],"wp:term":[{"taxonomy":"category","embeddable":true,"href":"https:\/\/biovegen.org\/en\/wp-json\/wp\/v2\/categories?post=25023"},{"taxonomy":"post_tag","embeddable":true,"href":"https:\/\/biovegen.org\/en\/wp-json\/wp\/v2\/tags?post=25023"}],"curies":[{"name":"wp","href":"https:\/\/api.w.org\/{rel}","templated":true}]}}