{"id":24259,"date":"2025-11-25T11:45:58","date_gmt":"2025-11-25T10:45:58","guid":{"rendered":"https:\/\/biovegen.org\/?p=24259"},"modified":"2025-12-19T16:57:08","modified_gmt":"2025-12-19T15:57:08","slug":"la-jornada-giec-2025-reune-en-madrid-a-los-principales-agentes-dela-economia-circular-para-impulsar-la-colaboracion-publicoprivada-en-idi","status":"publish","type":"post","link":"https:\/\/biovegen.org\/en\/otros\/la-jornada-giec-2025-reune-en-madrid-a-los-principales-agentes-dela-economia-circular-para-impulsar-la-colaboracion-publicoprivada-en-idi\/","title":{"rendered":"The GIEC 2025 Conference brings together in Madrid the main players in the circular economy to promote public-private collaboration in R&amp;D&amp;I"},"content":{"rendered":"<p><strong>Madrid, November 24, 2025. \u2013<\/strong> The GIEC 2025 Annual Conference was held on November 17, 2025, in the auditorium of the State Investigation Agency (AEI) in Madrid. The meeting, organized by the <a href=\"https:\/\/www.giec.es\/index.html\" target=\"_blank\" rel=\"noopener\">Circular Economy Interplatform Group (GIEC)<\/a>, brought together representatives from public administrations, companies, universities and technology centers to discuss the <strong>financing opportunities and advances in the circular economy<\/strong>, both at the national and European levels.<\/p>\n\n\n\n<p><br>The day was opened by<strong> Vicente Sales Viv\u00f3 (PTFOR), <\/strong>representing the GIEC, accompanied by the moderator<strong> Bel\u00e9n Garc\u00eda,<\/strong> director of <strong>PACKNET<\/strong>, who highlighted the role of cross-platform cooperation as a driving force for advancing industrial sustainability.<br>He <strong>first block<\/strong>dedicated to <strong>the 2025 public-private call for proposals from the State Research Agency<\/strong>It featured the participation of<strong> M\u00aa \u00c1ngeles Ferre<\/strong>, head of the Scientific-Technical Thematic Programs Subdivision, who presented the key aspects of the new framework for R&amp;D&amp;I collaboration funding. Following this, <strong>Carmen Mart\u00ednez Garc\u00eda <\/strong>and<strong> M\u00aa Teresa Cotes Palomino<\/strong>, from the University of Ja\u00e9n, presented the project <strong>GREENCDWaste,<\/strong> focused on the transformation of cork and construction and demolition waste into high value-added green materials.<\/p>\n\n\n\n<p>After the coffee break, the <strong>second block<\/strong> It focused on funding opportunities within the framework of <strong>Centre for Technological Development and Innovation (CDTI),<\/strong> with the participation of <strong>Maria Jose Tomas,<\/strong> from the Department of Institutional Promotion and Territorial Cooperation. Several success stories were also presented in this space:<\/p>\n\n\n\n<ul class=\"wp-block-list\">\n<li><strong>SIMBIOLIVA Operational Group,<\/strong> exposed by<strong> Pablo Guti\u00e9rrez (Viveros Integrales El Ejidillo)<\/strong>, focused on new biotechnological solutions to add value to olive pomace in the olive oil sector.<\/li>\n<\/ul>\n\n\n\n<p><\/p>\n\n\n\n<ul class=\"wp-block-list\">\n<li><strong>MASCOVERSO<\/strong>, presented by <strong>Elisa Reyna Santos (Ayudavets, MASCOVERSO)<\/strong>, which applies innovation and technology to transform animal health.<\/li>\n<\/ul>\n\n\n\n<figure class=\"wp-block-gallery has-nested-images columns-default is-cropped wp-block-gallery-1 is-layout-flex wp-block-gallery-is-layout-flex\">\n<figure class=\"wp-block-image size-large\"><img fetchpriority=\"high\" decoding=\"async\" width=\"1024\" height=\"577\" data-id=\"24265\" src=\"data:image\/gif;base64,R0lGODlhAQABAAAAACH5BAEKAAEALAAAAAABAAEAAAICTAEAOw==\" alt=\"\" class=\"wp-image-24265 lazyload\" sizes=\"(max-width: 1024px) 100vw, 1024px\" data-src=\"https:\/\/biovegen.org\/wp-content\/uploads\/2025\/11\/WhatsApp-Image-2025-11-17-at-13.54.44-1024x577.jpeg\" data-srcset=\"https:\/\/biovegen.org\/wp-content\/uploads\/2025\/11\/WhatsApp-Image-2025-11-17-at-13.54.44-1024x577.jpeg 1024w, https:\/\/biovegen.org\/wp-content\/uploads\/2025\/11\/WhatsApp-Image-2025-11-17-at-13.54.44-300x169.jpeg 300w, https:\/\/biovegen.org\/wp-content\/uploads\/2025\/11\/WhatsApp-Image-2025-11-17-at-13.54.44-768x432.jpeg 768w, https:\/\/biovegen.org\/wp-content\/uploads\/2025\/11\/WhatsApp-Image-2025-11-17-at-13.54.44-1536x865.jpeg 1536w, https:\/\/biovegen.org\/wp-content\/uploads\/2025\/11\/WhatsApp-Image-2025-11-17-at-13.54.44-18x10.jpeg 18w, https:\/\/biovegen.org\/wp-content\/uploads\/2025\/11\/WhatsApp-Image-2025-11-17-at-13.54.44-600x338.jpeg 600w, https:\/\/biovegen.org\/wp-content\/uploads\/2025\/11\/WhatsApp-Image-2025-11-17-at-13.54.44.jpeg 1600w\"><\/figure>\n\n\n\n<figure class=\"wp-block-image size-large\"><img decoding=\"async\" width=\"1024\" height=\"576\" data-id=\"24283\" src=\"data:image\/gif;base64,R0lGODlhAQABAAAAACH5BAEKAAEALAAAAAABAAEAAAICTAEAOw==\" alt=\"\" class=\"wp-image-24283 lazyload\" sizes=\"(max-width: 1024px) 100vw, 1024px\" data-src=\"https:\/\/biovegen.org\/wp-content\/uploads\/2025\/11\/WhatsApp-Image-2025-11-17-at-13.54.46-1-1024x576.jpeg\" data-srcset=\"https:\/\/biovegen.org\/wp-content\/uploads\/2025\/11\/WhatsApp-Image-2025-11-17-at-13.54.46-1-1024x576.jpeg 1024w, https:\/\/biovegen.org\/wp-content\/uploads\/2025\/11\/WhatsApp-Image-2025-11-17-at-13.54.46-1-300x169.jpeg 300w, https:\/\/biovegen.org\/wp-content\/uploads\/2025\/11\/WhatsApp-Image-2025-11-17-at-13.54.46-1-768x432.jpeg 768w, https:\/\/biovegen.org\/wp-content\/uploads\/2025\/11\/WhatsApp-Image-2025-11-17-at-13.54.46-1-1536x864.jpeg 1536w, https:\/\/biovegen.org\/wp-content\/uploads\/2025\/11\/WhatsApp-Image-2025-11-17-at-13.54.46-1-18x10.jpeg 18w, https:\/\/biovegen.org\/wp-content\/uploads\/2025\/11\/WhatsApp-Image-2025-11-17-at-13.54.46-1-600x338.jpeg 600w, https:\/\/biovegen.org\/wp-content\/uploads\/2025\/11\/WhatsApp-Image-2025-11-17-at-13.54.46-1.jpeg 2048w\"><\/figure>\n<\/figure>\n\n\n\n<p>He <strong>third block<\/strong> It addressed European funding opportunities within the framework of Horizon Europe, with the intervention of Lydia Gonz\u00e1lez, representative of the Climate area (Cluster 5) and National Contact Point of the Environment area (Cluster 6), who offered an overview of European programs focused on green innovation. <br>During this session, the projects were presented. <strong>MAGNO <\/strong>(Alejandro Viso, CETEC),<strong> cir4FUN <\/strong>(Vicente Sales Viv\u00f3, AIDIMME), and <strong>VALORISH <\/strong>(Borja Lagoa, ANFACO-CYTMA), examples of international collaboration in key sectors such as food packaging, furniture and the valorization of fishery by-products.<\/p>\n\n\n\n<p>The<strong> GIEC 2025 Conference<\/strong> It concluded by consolidating itself as a benchmark forum in promoting the <strong>circular economy through public-private cooperation<\/strong>, and reaffirming the GIEC&#039;s commitment to promoting sustainable innovation and cross-sector collaboration as key tools for industrial competitiveness.<\/p>\n\n\n\n<div style=\"height:25px\" aria-hidden=\"true\" class=\"wp-block-spacer\"><\/div>\n\n\n\n<div class=\"wp-block-buttons is-content-justification-center is-layout-flex wp-container-core-buttons-is-layout-16018d1d wp-block-buttons-is-layout-flex\">\n<div class=\"wp-block-button\"><a class=\"wp-block-button__link wp-element-button\" href=\"https:\/\/www.giec.es\/documentacion.asp?code=171125\" target=\"_blank\" rel=\"noopener\">Access the event presentations <\/a><\/div>\n<\/div>","protected":false},"excerpt":{"rendered":"<p>Madrid, 24 de noviembre de 2025. \u2013 La Jornada anual GIEC 2025 se celebr\u00f3 el pasado 17 de noviembre de 2025 en el sal\u00f3n de actos de la Agencia Estatal de Investigaci\u00f3n (AEI), en Madrid. El encuentro, organizado por el Grupo Interplataformas de Econom\u00eda Circular (GIEC), congreg\u00f3 a representantes de administraciones p\u00fablicas, empresas, universidades y [&hellip;]<\/p>\n","protected":false},"author":8,"featured_media":24276,"comment_status":"open","ping_status":"open","sticky":false,"template":"","format":"standard","meta":{"_acf_changed":false,"inline_featured_image":false,"footnotes":""},"categories":[41,19,1],"tags":[],"class_list":["post-24259","post","type-post","status-publish","format-standard","has-post-thumbnail","hentry","category-giec","category-noticias","category-otros"],"acf":[],"_links":{"self":[{"href":"https:\/\/biovegen.org\/en\/wp-json\/wp\/v2\/posts\/24259","targetHints":{"allow":["GET"]}}],"collection":[{"href":"https:\/\/biovegen.org\/en\/wp-json\/wp\/v2\/posts"}],"about":[{"href":"https:\/\/biovegen.org\/en\/wp-json\/wp\/v2\/types\/post"}],"author":[{"embeddable":true,"href":"https:\/\/biovegen.org\/en\/wp-json\/wp\/v2\/users\/8"}],"replies":[{"embeddable":true,"href":"https:\/\/biovegen.org\/en\/wp-json\/wp\/v2\/comments?post=24259"}],"version-history":[{"count":0,"href":"https:\/\/biovegen.org\/en\/wp-json\/wp\/v2\/posts\/24259\/revisions"}],"wp:featuredmedia":[{"embeddable":true,"href":"https:\/\/biovegen.org\/en\/wp-json\/wp\/v2\/media\/24276"}],"wp:attachment":[{"href":"https:\/\/biovegen.org\/en\/wp-json\/wp\/v2\/media?parent=24259"}],"wp:term":[{"taxonomy":"category","embeddable":true,"href":"https:\/\/biovegen.org\/en\/wp-json\/wp\/v2\/categories?post=24259"},{"taxonomy":"post_tag","embeddable":true,"href":"https:\/\/biovegen.org\/en\/wp-json\/wp\/v2\/tags?post=24259"}],"curies":[{"name":"wp","href":"https:\/\/api.w.org\/{rel}","templated":true}]}}