{"id":23425,"date":"2025-06-10T17:22:54","date_gmt":"2025-06-10T15:22:54","guid":{"rendered":"https:\/\/biovegen.org\/?p=23425"},"modified":"2025-06-18T15:09:53","modified_gmt":"2025-06-18T13:09:53","slug":"go-natursmoke-participa-en-biopesticides-europe-2025","status":"publish","type":"post","link":"https:\/\/biovegen.org\/en\/gonatursmoke\/go-natursmoke-participa-en-biopesticides-europe-2025\/","title":{"rendered":"GO NATURSMOKE participates in Biopesticides Europe 2025"},"content":{"rendered":"<p>On June 4 and 5, 2025, the international conference Biopesticides Europe 2025 was held in Madrid. It brought together experts from the agricultural sector, research, and public policy to discuss the advances, challenges, and opportunities of biopesticides. The event addressed key topics such as their commercial scalability, their integration with precision agriculture, and regulatory challenges.<\/p>\n\n\n\n<p>In this context, BIOVEGEN participated with the presentation &quot;<em>The role of BIOVEGEN as a Public-Private Partnership and R&amp;D Services Provider in Plant Production<\/em>&quot;, where it showcased its activities promoting agri-food R&amp;D. In this regard, BIOVEGEN presented the NATURSMOKE Operational Group, focused on the development of new fumigant products that contribute to the efficient control of phytopathogenic diseases in greenhouses and post-harvest using active ingredients from food by-products.<\/p>\n\n\n<div class=\"wp-block-image\">\n<figure class=\"aligncenter size-full is-resized\"><img fetchpriority=\"high\" decoding=\"async\" width=\"701\" height=\"498\" src=\"data:image\/gif;base64,R0lGODlhAQABAAAAACH5BAEKAAEALAAAAAABAAEAAAICTAEAOw==\" alt=\"\" class=\"wp-image-23430 lazyload\" style=\"width:502px;height:auto\" sizes=\"(max-width: 701px) 100vw, 701px\" data-src=\"https:\/\/biovegen.org\/wp-content\/uploads\/2025\/06\/Cartel-GO-NATURSMOKE.png\" data-srcset=\"https:\/\/biovegen.org\/wp-content\/uploads\/2025\/06\/Cartel-GO-NATURSMOKE.png 701w, https:\/\/biovegen.org\/wp-content\/uploads\/2025\/06\/Cartel-GO-NATURSMOKE-300x213.png 300w, https:\/\/biovegen.org\/wp-content\/uploads\/2025\/06\/Cartel-GO-NATURSMOKE-18x12.png 18w, https:\/\/biovegen.org\/wp-content\/uploads\/2025\/06\/Cartel-GO-NATURSMOKE-600x426.png 600w\"><\/figure>\n<\/div>\n\n\n<p class=\"has-text-align-center\"><em>\u00abContent responsible: <\/em>OPERATIVE GROUP<em> <\/em>NATURSMOKE\u00bb<\/p>\n\n\n\n<div class=\"wp-block-buttons is-content-justification-center is-layout-flex wp-container-core-buttons-is-layout-16018d1d wp-block-buttons-is-layout-flex\">\n<div class=\"wp-block-button\"><a class=\"wp-block-button__link wp-element-button\" href=\"https:\/\/commission.europa.eu\/eu-regional-and-urban-development\/topics\/rural-development_es\" target=\"_blank\" rel=\"noreferrer noopener\">Commission website dedicated to EAFRD<\/a><\/div>\n<\/div>","protected":false},"excerpt":{"rendered":"<p>Los d\u00edas 4 y 5 de junio de 2025 se celebr\u00f3 en Madrid la conferencia internacional Biopesticides Europe 2025, que reuni\u00f3 a expertos del sector agr\u00edcola, la investigaci\u00f3n y las pol\u00edticas p\u00fablicas para debatir sobre los avances, retos y oportunidades de los biopesticidas. El evento abord\u00f3 temas clave como su escalabilidad comercial, su integraci\u00f3n con [&hellip;]<\/p>\n","protected":false},"author":7,"featured_media":23426,"comment_status":"open","ping_status":"open","sticky":false,"template":"","format":"standard","meta":{"_acf_changed":false,"inline_featured_image":false,"footnotes":""},"categories":[526],"tags":[],"class_list":["post-23425","post","type-post","status-publish","format-standard","has-post-thumbnail","hentry","category-gonatursmoke"],"acf":[],"_links":{"self":[{"href":"https:\/\/biovegen.org\/en\/wp-json\/wp\/v2\/posts\/23425","targetHints":{"allow":["GET"]}}],"collection":[{"href":"https:\/\/biovegen.org\/en\/wp-json\/wp\/v2\/posts"}],"about":[{"href":"https:\/\/biovegen.org\/en\/wp-json\/wp\/v2\/types\/post"}],"author":[{"embeddable":true,"href":"https:\/\/biovegen.org\/en\/wp-json\/wp\/v2\/users\/7"}],"replies":[{"embeddable":true,"href":"https:\/\/biovegen.org\/en\/wp-json\/wp\/v2\/comments?post=23425"}],"version-history":[{"count":0,"href":"https:\/\/biovegen.org\/en\/wp-json\/wp\/v2\/posts\/23425\/revisions"}],"wp:featuredmedia":[{"embeddable":true,"href":"https:\/\/biovegen.org\/en\/wp-json\/wp\/v2\/media\/23426"}],"wp:attachment":[{"href":"https:\/\/biovegen.org\/en\/wp-json\/wp\/v2\/media?parent=23425"}],"wp:term":[{"taxonomy":"category","embeddable":true,"href":"https:\/\/biovegen.org\/en\/wp-json\/wp\/v2\/categories?post=23425"},{"taxonomy":"post_tag","embeddable":true,"href":"https:\/\/biovegen.org\/en\/wp-json\/wp\/v2\/tags?post=23425"}],"curies":[{"name":"wp","href":"https:\/\/api.w.org\/{rel}","templated":true}]}}