{"id":23158,"date":"2025-05-14T12:46:23","date_gmt":"2025-05-14T10:46:23","guid":{"rendered":"https:\/\/biovegen.org\/?p=23158"},"modified":"2025-05-14T15:42:08","modified_gmt":"2025-05-14T13:42:08","slug":"biovegen-participa-en-el-iv-foro-colabora-agrobiotec","status":"publish","type":"post","link":"https:\/\/biovegen.org\/en\/noticias\/biovegen-participa-en-el-iv-foro-colabora-agrobiotec\/","title":{"rendered":"BIOVEGEN participates in the IV Collabora Agrobiotec Forum"},"content":{"rendered":"<p>He <strong>May 13, 2025<\/strong>, <strong>BIOVEGEN participated in the fourth edition of the Agrobiotec Collaboration Forum<\/strong>, organized by the Bioval Cluster in Las Naves (Valencia), a meeting dedicated to promoting innovation and collaboration in the field of agrobiotechnology. The event brought together <strong>Nearly a hundred key players in the sector to share advances and challenges in biocontrol, diagnostics, omics, microorganisms, bioinputs, and plant genetic improvement<\/strong>.<\/p>\n\n\n\n<p><strong>BIOVEGEN participated in the roundtable &quot;Biotechnology Innovation: New Horizons for the Agricultural Sector.&quot;<\/strong>, where he highlighted the importance of strengthening ties between science and business to accelerate technology transfer. During the roundtable, BIOVEGEN underscored the strategic role of biotechnology as a driver of transformation in the agri-food system, highlighting its contribution to sustainability, adaptation to climate change, and increased competitiveness in the sector.<\/p>\n\n\n\n<div class=\"wp-block-buttons is-content-justification-center is-layout-flex wp-container-core-buttons-is-layout-16018d1d wp-block-buttons-is-layout-flex\">\n<div class=\"wp-block-button\"><a class=\"wp-block-button__link wp-element-button\" href=\"https:\/\/biovegen.org\/eventos\/iv-foro-colabora-agrobiotec\/\">More information about this event<\/a><\/div>\n<\/div>\n\n\n\n<p><\/p>","protected":false},"excerpt":{"rendered":"<p>El 13 de mayo de 2025, BIOVEGEN particip\u00f3 en la cuarta edici\u00f3n del Foro Colabora Agrobiotec, organizado por el Cl\u00faster Bioval en las Naves (Valencia), un encuentro dedicado a impulsar la innovaci\u00f3n y la colaboraci\u00f3n en el \u00e1mbito de la agrobiotecnolog\u00eda. El evento reuni\u00f3 a casi un centenar de agentes clave del sector para compartir [&hellip;]<\/p>\n","protected":false},"author":7,"featured_media":23162,"comment_status":"open","ping_status":"open","sticky":false,"template":"","format":"standard","meta":{"_acf_changed":false,"inline_featured_image":false,"footnotes":""},"categories":[19],"tags":[],"class_list":["post-23158","post","type-post","status-publish","format-standard","has-post-thumbnail","hentry","category-noticias"],"acf":[],"_links":{"self":[{"href":"https:\/\/biovegen.org\/en\/wp-json\/wp\/v2\/posts\/23158","targetHints":{"allow":["GET"]}}],"collection":[{"href":"https:\/\/biovegen.org\/en\/wp-json\/wp\/v2\/posts"}],"about":[{"href":"https:\/\/biovegen.org\/en\/wp-json\/wp\/v2\/types\/post"}],"author":[{"embeddable":true,"href":"https:\/\/biovegen.org\/en\/wp-json\/wp\/v2\/users\/7"}],"replies":[{"embeddable":true,"href":"https:\/\/biovegen.org\/en\/wp-json\/wp\/v2\/comments?post=23158"}],"version-history":[{"count":0,"href":"https:\/\/biovegen.org\/en\/wp-json\/wp\/v2\/posts\/23158\/revisions"}],"wp:featuredmedia":[{"embeddable":true,"href":"https:\/\/biovegen.org\/en\/wp-json\/wp\/v2\/media\/23162"}],"wp:attachment":[{"href":"https:\/\/biovegen.org\/en\/wp-json\/wp\/v2\/media?parent=23158"}],"wp:term":[{"taxonomy":"category","embeddable":true,"href":"https:\/\/biovegen.org\/en\/wp-json\/wp\/v2\/categories?post=23158"},{"taxonomy":"post_tag","embeddable":true,"href":"https:\/\/biovegen.org\/en\/wp-json\/wp\/v2\/tags?post=23158"}],"curies":[{"name":"wp","href":"https:\/\/api.w.org\/{rel}","templated":true}]}}