{"id":22827,"date":"2025-03-31T17:03:53","date_gmt":"2025-03-31T15:03:53","guid":{"rendered":"https:\/\/biovegen.org\/?p=22827"},"modified":"2025-08-11T10:41:04","modified_gmt":"2025-08-11T08:41:04","slug":"celebrado-con-exito-el-i-webinar-go-biodif","status":"publish","type":"post","link":"https:\/\/biovegen.org\/en\/noticias\/celebrado-con-exito-el-i-webinar-go-biodif\/","title":{"rendered":"The 1st GO BIODIF Webinar was successfully held."},"content":{"rendered":"<p>On March 31, 2025, the &quot;<strong>1st GO BIODIF WEBINAR: Biofunctionalization of strategic crops to improve their market competitiveness<\/strong>&quot;, an event dedicated to the presentation of this innovative project and its members.<\/p>\n\n\n\n<p>During the day, which included <strong>more than 65 participants<\/strong> Throughout the event, the main objectives of BIODIF were presented. This innovative initiative seeks to biofunctionalize strategic national crops such as tomatoes, corn, and olives using nanotechnology to improve their market competitiveness.<\/p>\n\n\n\n<p>In addition, project members <strong>They presented the lines of work<\/strong> which will be developed in the coming months, addressing key aspects such as the identification of healthy\/target compounds from a nutritional perspective, the selection of genetic material, the establishment of protocols for biofunctionalization, the analysis of the impact of nanofertilizers, nutritional labeling, and the economic and sensitivity analysis of producers and cooperatives.<\/p>\n\n\n\n<p>The webinar concluded with the <strong>intervention of the Simbioliva Operational Group<\/strong>, an initiative that originates from the Call for Operational Groups 2023 and seeks to promote a strategy of <strong>circular economy in olive groves, focused on the management of olive oil.<\/strong><\/p>\n\n\n\n<h2 class=\"wp-block-heading\">Program and presentations<\/h2>\n\n\n\n<p><strong>11:00 a.m. Opening and welcome<\/strong><\/p>\n\n\n\n<ul class=\"wp-block-list\">\n<li><strong>CELLBITEC FOUNDATION.<\/strong>&nbsp;Antonio del Saz<\/li>\n\n\n\n<li><strong>Ministry of Agriculture, Fisheries and Food<\/strong>. Mar\u00eda Teresa Ambr\u00f3s<\/li>\n\n\n\n<li><strong>BIOVEGEN<\/strong>. Gonzaga Ruiz de Gauna&nbsp;<\/li>\n<\/ul>\n\n\n\n<p><strong>11:10 a.m. General presentation of GO BIODIF<\/strong><\/p>\n\n\n\n<ul class=\"wp-block-list\">\n<li><strong>CELLBITEC FOUNDATION.<\/strong>&nbsp;Antonio del Saz<\/li>\n<\/ul>\n\n\n\n<p><strong>11:20 a.m. Presentation of the GO BIODIF members<\/strong><\/p>\n\n\n\n<ul class=\"wp-block-list\">\n<li><strong>Identification of healthy\/target compounds (macro\/microelements\/metabolites of interest) from a nutritional point of view<\/strong>\n<ul class=\"wp-block-list\">\n<li><strong>ICTAN-CSIC<\/strong>. Grace P Blanch<\/li>\n<\/ul>\n<\/li>\n<\/ul>\n\n\n\n<div class=\"wp-block-file\"><a href=\"https:\/\/biovegen.org\/wp-content\/uploads\/2025\/03\/2.-ICTAN-CSIC.-Gracia-P-Blanch.pdf\" class=\"wp-block-file__button wp-element-button\" download>DOWNLOAD PRESENTATION<\/a><\/div>\n\n\n\n<ul class=\"wp-block-list\">\n<li><strong>Selection of pools of commercial and traditional hybrids (genetic material)<\/strong>\n<ul class=\"wp-block-list\">\n<li><strong>MBG-CSIC<\/strong>Pedro Revilla<\/li>\n\n\n\n<li><strong>DACUNHA.<\/strong> Roberto Lopez<\/li>\n<\/ul>\n<\/li>\n<\/ul>\n\n\n\n<div class=\"wp-block-file\"><a href=\"https:\/\/biovegen.org\/wp-content\/uploads\/2025\/03\/3.-MBG-CSIC.-Pedro-Revilla-DACUNHA.-Roberto-Lopez.pdf\" class=\"wp-block-file__button wp-element-button\" download>DOWNLOAD PRESENTATION<\/a><\/div>\n\n\n\n<ul class=\"wp-block-list\">\n<li><strong>Establishment of protocols for biofunctionalization<\/strong>\n<ul class=\"wp-block-list\">\n<li><strong>NANOINTEC<\/strong>. Jos\u00e9 M. Jim\u00e9nez<\/li>\n\n\n\n<li><strong>EEZ-CSIC<\/strong>Juan de Dios Alch\u00e9<\/li>\n<\/ul>\n<\/li>\n<\/ul>\n\n\n\n<div class=\"wp-block-file\"><a href=\"https:\/\/biovegen.org\/wp-content\/uploads\/2025\/03\/4.-NANOINTEC.-Jose-M.-Jimenez-EEZ-CSIC.-Juan-de-Dios-Alche.pdf\" class=\"wp-block-file__button wp-element-button\" download>DOWNLOAD PRESENTATION<\/a><\/div>\n\n\n\n<ul class=\"wp-block-list\">\n<li><strong>Impact of nanofertilizers on the agronomic, nutritional, sensory, and functional characteristics of tomato, olive, and corn<\/strong>\n<ul class=\"wp-block-list\">\n<li><strong>NANOINTEC<\/strong>Andr\u00e9s C\u00e1ceres<\/li>\n\n\n\n<li><strong>IBMCP-CSIC<\/strong>Clara Pons<\/li>\n<\/ul>\n<\/li>\n<\/ul>\n\n\n\n<div class=\"wp-block-file\"><a href=\"https:\/\/biovegen.org\/wp-content\/uploads\/2025\/04\/5.-NANOINTEC-IBMCP.-Andres-Caceres-y-Clara-Pons.pdf\" class=\"wp-block-file__button wp-element-button\" download>DOWNLOAD PRESENTATION<\/a><\/div>\n\n\n\n<ul class=\"wp-block-list\">\n<li><strong>Nutritional labeling and declaration<\/strong>\n<ul class=\"wp-block-list\">\n<li><strong>SAN SEBASTIAN<\/strong>David Manuel Ortega<\/li>\n<\/ul>\n<\/li>\n<\/ul>\n\n\n\n<div class=\"wp-block-file\"><a href=\"https:\/\/biovegen.org\/wp-content\/uploads\/2025\/03\/6.-SAN-SEBASTIAN.-David-Manuel-Ortega.pdf\" class=\"wp-block-file__button wp-element-button\" download>DOWNLOAD PRESENTATION<\/a><\/div>\n\n\n\n<ul class=\"wp-block-list\">\n<li><strong>Circular Economy Good Practices Certificate (BPEC) BPA \/ Integrated Agriculture<\/strong>\n<ul class=\"wp-block-list\">\n<li><strong>UNIQUE<\/strong>. David Romera<\/li>\n<\/ul>\n<\/li>\n<\/ul>\n\n\n\n<div class=\"wp-block-file\"><a href=\"https:\/\/biovegen.org\/wp-content\/uploads\/2025\/03\/7.-UNICA.-David-Romera.pdf\" class=\"wp-block-file__button wp-element-button\" download>DOWNLOAD PRESENTATION<\/a><\/div>\n\n\n\n<ul class=\"wp-block-list\">\n<li><strong>Economic and sensitivity analysis of producers\/cooperatives and implications for management<\/strong>\n<ul class=\"wp-block-list\">\n<li><strong>EPS<\/strong>. Paula S\u00e1nchez<\/li>\n<\/ul>\n<\/li>\n<\/ul>\n\n\n\n<div class=\"wp-block-file\"><a href=\"https:\/\/biovegen.org\/wp-content\/uploads\/2025\/03\/8.-UPA.-Paula-Sanchez.pdf\" class=\"wp-block-file__button wp-element-button\" download>DOWNLOAD PRESENTATION<\/a><\/div>\n\n\n\n<p><strong>1:00 PM. Discussion and questions<\/strong><\/p>\n\n\n\n<p><strong>1:15 p.m. Interaction with other Operational Groups: SIMBIOLIVA Operational Group<\/strong><\/p>\n\n\n\n<ul class=\"wp-block-list\">\n<li><strong>THE EJIDILLO INTEGRAL NURSERIES<\/strong>Pablo Guti\u00e9rrez<\/li>\n<\/ul>\n\n\n\n<div class=\"wp-block-file\"><a href=\"https:\/\/biovegen.org\/wp-content\/uploads\/2025\/03\/9.-EL-EJIDILLO-VIVEROS-INTEGRALES.-Pablo-Gutierrez.pdf\" class=\"wp-block-file__button wp-element-button\" download>DOWNLOAD PRESENTATION<\/a><\/div>\n\n\n\n<p><strong>1:30 p.m. Conclusions and closing<\/strong><\/p>\n\n\n\n<h2 class=\"wp-block-heading\">Webinar recording<\/h2>\n\n\n\n<figure class=\"wp-block-embed is-type-video is-provider-youtube wp-block-embed-youtube wp-embed-aspect-4-3 wp-has-aspect-ratio\"><div class=\"wp-block-embed__wrapper\">\n<div class='wpo_youtube_preview_container'><img src=\"https:\/\/biovegen.org\/wp-content\/cache\/wpo-youtube-thumbnails\/R0LAoaFjN80-maxresdefault.jpg\" class=\"wpo_youtube_preview\" data-video-url=\"https:\/\/www.youtube.com\/embed\/R0LAoaFjN80?feature=oembed\" alt=\"YouTube thumbnail\" data-iframe-attr=\"{&quot;title&quot;:&quot;I Webinar GO BIODIF&quot;,&quot;width&quot;:&quot;500&quot;,&quot;height&quot;:&quot;375&quot;,&quot;src&quot;:&quot;https:\\\/\\\/www.youtube.com\\\/embed\\\/R0LAoaFjN80?feature=oembed&quot;,&quot;frameborder&quot;:&quot;0&quot;,&quot;allow&quot;:&quot;accelerometer; autoplay; clipboard-write; encrypted-media; gyroscope; picture-in-picture; web-share&quot;,&quot;referrerpolicy&quot;:&quot;strict-origin-when-cross-origin&quot;,&quot;allowfullscreen&quot;:&quot;&quot;}\"\/><span class=\"wpo_youtube_preview_overlay\"><img src=\"https:\/\/biovegen.org\/wp-content\/plugins\/wp-optimize-premium\/images\/icon\/icons8-youtube-96.svg\" alt=\"YouTube icon\"\/><\/span><\/div>\n<\/div><\/figure>\n\n\n<div class=\"wp-block-image\">\n<figure class=\"aligncenter size-full is-resized\"><img fetchpriority=\"high\" decoding=\"async\" width=\"1523\" height=\"1079\" src=\"data:image\/gif;base64,R0lGODlhAQABAAAAACH5BAEKAAEALAAAAAABAAEAAAICTAEAOw==\" alt=\"\" class=\"wp-image-21364 lazyload\" style=\"width:661px;height:auto\" sizes=\"(max-width: 1523px) 100vw, 1523px\" data-src=\"https:\/\/biovegen.org\/wp-content\/uploads\/2024\/09\/BIODIF_Cartel-GO-1.png\" data-srcset=\"https:\/\/biovegen.org\/wp-content\/uploads\/2024\/09\/BIODIF_Cartel-GO-1.png 1523w, https:\/\/biovegen.org\/wp-content\/uploads\/2024\/09\/BIODIF_Cartel-GO-1-300x213.png 300w, https:\/\/biovegen.org\/wp-content\/uploads\/2024\/09\/BIODIF_Cartel-GO-1-1024x725.png 1024w, https:\/\/biovegen.org\/wp-content\/uploads\/2024\/09\/BIODIF_Cartel-GO-1-768x544.png 768w, https:\/\/biovegen.org\/wp-content\/uploads\/2024\/09\/BIODIF_Cartel-GO-1-18x12.png 18w, https:\/\/biovegen.org\/wp-content\/uploads\/2024\/09\/BIODIF_Cartel-GO-1-600x425.png 600w\"><\/figure>\n<\/div>\n\n\n<p class=\"has-text-align-center\"><em>Content manager: BIODIF Operational Group<\/em><\/p>\n\n\n\n<div class=\"wp-block-buttons is-content-justification-center is-layout-flex wp-container-core-buttons-is-layout-16018d1d wp-block-buttons-is-layout-flex\">\n<div class=\"wp-block-button\"><a class=\"wp-block-button__link wp-element-button\" href=\"https:\/\/commission.europa.eu\/eu-regional-and-urban-development\/topics\/rural-development_es\" target=\"_blank\" rel=\"noreferrer noopener\">Commission website dedicated to EAFRD<\/a><\/div>\n<\/div>\n\n\n\n<p><\/p>","protected":false},"excerpt":{"rendered":"<p>El pasado 31 de marzo de 2025 se celebr\u00f3 el \u00abI WEBINAR GO BIODIF: biofuncionalizaci\u00f3n de cultivos estrat\u00e9gicos para la mejora de su competitividad en el mercado\u00ab, un evento dedicado a la presentaci\u00f3n de este proyecto innovador y sus miembros. Durante la jornada, que cont\u00f3 con m\u00e1s de 65 participantes a lo largo de su [&hellip;]<\/p>\n","protected":false},"author":7,"featured_media":22830,"comment_status":"open","ping_status":"open","sticky":false,"template":"","format":"standard","meta":{"_acf_changed":false,"inline_featured_image":false,"footnotes":""},"categories":[527,19],"tags":[],"class_list":["post-22827","post","type-post","status-publish","format-standard","has-post-thumbnail","hentry","category-gobiodif","category-noticias"],"acf":[],"_links":{"self":[{"href":"https:\/\/biovegen.org\/en\/wp-json\/wp\/v2\/posts\/22827","targetHints":{"allow":["GET"]}}],"collection":[{"href":"https:\/\/biovegen.org\/en\/wp-json\/wp\/v2\/posts"}],"about":[{"href":"https:\/\/biovegen.org\/en\/wp-json\/wp\/v2\/types\/post"}],"author":[{"embeddable":true,"href":"https:\/\/biovegen.org\/en\/wp-json\/wp\/v2\/users\/7"}],"replies":[{"embeddable":true,"href":"https:\/\/biovegen.org\/en\/wp-json\/wp\/v2\/comments?post=22827"}],"version-history":[{"count":0,"href":"https:\/\/biovegen.org\/en\/wp-json\/wp\/v2\/posts\/22827\/revisions"}],"wp:featuredmedia":[{"embeddable":true,"href":"https:\/\/biovegen.org\/en\/wp-json\/wp\/v2\/media\/22830"}],"wp:attachment":[{"href":"https:\/\/biovegen.org\/en\/wp-json\/wp\/v2\/media?parent=22827"}],"wp:term":[{"taxonomy":"category","embeddable":true,"href":"https:\/\/biovegen.org\/en\/wp-json\/wp\/v2\/categories?post=22827"},{"taxonomy":"post_tag","embeddable":true,"href":"https:\/\/biovegen.org\/en\/wp-json\/wp\/v2\/tags?post=22827"}],"curies":[{"name":"wp","href":"https:\/\/api.w.org\/{rel}","templated":true}]}}