{"id":21883,"date":"2024-11-19T15:17:53","date_gmt":"2024-11-19T14:17:53","guid":{"rendered":"https:\/\/biovegen.org\/?p=21883"},"modified":"2025-03-21T13:55:49","modified_gmt":"2025-03-21T12:55:49","slug":"celebrada-la-segunda-jornada-del-grupo-interplataformas-agroalimentarias-impulsando-la-id-del-sector-agroalimentario","status":"publish","type":"post","link":"https:\/\/biovegen.org\/en\/noticias\/celebrada-la-segunda-jornada-del-grupo-interplataformas-agroalimentarias-impulsando-la-id-del-sector-agroalimentario\/","title":{"rendered":"The 2nd Interplatform Agri-Food Group Conference was held: \u201cPromoting R&amp;D in the agri-food sector\u201d"},"content":{"rendered":"<p>On November 19, 2024, BIOVEGEN in collaboration with the Food for Life Spain Technology Platform (PTF4LS) and the Wine Technology Platform (PTV), organized the second Conference of the Agri-Food Interplatform Group: <em>Boosting R&amp;D in the agri-food sector<\/em>The event was held at the facilities of the Agri-Food Technology Institute of Extremadura (INTAEX) and brought together more than 30 professionals from the sector.<\/p>\n\n\n\n<p>The day began with a presentation of the organizing Platforms and the host technological institute. Subsequently, success stories of companies associated with these Platforms were presented, as well as the different financing opportunities managed by CDTI. In the case of BIOVEGEN, FIKI EUROPA was the partner company in charge of making a presentation on its mission and objectives. In addition, the meeting also offered attendees the opportunity to visit the INTAEX facilities.<\/p>\n\n\n\n<h2 class=\"wp-block-heading\">Program<\/h2>\n\n\n\n<ul class=\"wp-block-list\">\n<li><strong>9:30 a.m. Welcome<\/strong>\n<ul class=\"wp-block-list\">\n<li>Carmen Gonzalez Ramos, <em>Director of CICYTEX<\/em><\/li>\n<\/ul>\n<\/li>\n\n\n\n<li><strong>9:40 a.m. Wine Technology Platform (PTV)<\/strong>\n<ul class=\"wp-block-list\">\n<li>Andrea Casquete, <em>R&amp;D technician and project manager at PTV<\/em><\/li>\n<\/ul>\n<\/li>\n<\/ul>\n\n\n\n<div class=\"wp-block-file\"><a href=\"https:\/\/biovegen.org\/wp-content\/uploads\/2024\/11\/1.-PTV.-Andrea-Casquete.pdf\" class=\"wp-block-file__button wp-element-button\" download>DOWNLOAD PRESENTATION<\/a><\/div>\n\n\n\n<ul class=\"wp-block-list\">\n<li><strong>9:50 a.m. Plant Biotechnology Technology Platform (BIOVEGEN)<\/strong>\n<ul class=\"wp-block-list\">\n<li>David Lapuente, <em>Project Manager at BIOVEGEN<\/em><\/li>\n<\/ul>\n<\/li>\n<\/ul>\n\n\n\n<div class=\"wp-block-file\"><a href=\"https:\/\/biovegen.org\/wp-content\/uploads\/2024\/11\/BIOVEGEN_Presentacion-II-Jornada-PTs-Agroalimentarias.pdf\" class=\"wp-block-file__button wp-element-button\" download>DOWNLOAD PRESENTATION<\/a><\/div>\n\n\n\n<ul class=\"wp-block-list\">\n<li><strong>10:00 a.m. Food for Life-Spain Technology Platform (PTF4LS)<\/strong>\n<ul class=\"wp-block-list\">\n<li>Juan Martinez, <em>Technical Secretary of PTF4LS<\/em><\/li>\n<\/ul>\n<\/li>\n<\/ul>\n\n\n\n<div class=\"wp-block-file\"><a href=\"https:\/\/biovegen.org\/wp-content\/uploads\/2024\/11\/3.-PT4LS.-Juan-Martinez.pdf\" class=\"wp-block-file__button wp-element-button\" download>DOWNLOAD PRESENTATION<\/a><\/div>\n\n\n\n<ul class=\"wp-block-list\">\n<li><strong>10:10 a.m. Technological capabilities of the CICYTEX Technology Centre adapted to the agri-food sector<\/strong>\n<ul class=\"wp-block-list\">\n<li>Mar\u00eda Jos\u00e9 Trinidad, Head of the Scientific Center Coordination Unit CICYTEX<\/li>\n<\/ul>\n<\/li>\n<\/ul>\n\n\n\n<div class=\"wp-block-file\"><a href=\"https:\/\/biovegen.org\/wp-content\/uploads\/2024\/11\/4.-CICYTEX.-Maria-Jose-Trinidad.pdf\" class=\"wp-block-file__button wp-element-button\" download>DOWNLOAD PRESENTATION<\/a><\/div>\n\n\n\n<ul class=\"wp-block-list\">\n<li><strong>10:30 a.m. Coffee break<\/strong><\/li>\n\n\n\n<li><strong>11:00 a.m. \u00abCICYTEX R&amp;D projects in viticulture\u00bb<\/strong>\n<ul class=\"wp-block-list\">\n<li>Dr. M. Esperanza, <em>Head of the Oenology Department (CICYTEX)<\/em><\/li>\n<\/ul>\n<\/li>\n<\/ul>\n\n\n\n<div class=\"wp-block-file\"><a href=\"https:\/\/biovegen.org\/wp-content\/uploads\/2024\/11\/5.-CICYTEX_Maria-Esperanza-Valdes.pdf\" class=\"wp-block-file__button wp-element-button\" download>DOWNLOAD PRESENTATION<\/a><\/div>\n\n\n\n<ul class=\"wp-block-list\">\n<li><strong>11:20 a.m. Success stories in Extremadura<\/strong>\n<ul class=\"wp-block-list\">\n<li>Antonio Palomeque, <em>Technical Secretariat of the Spanish Cork Technology Platform (<strong>PTECor<\/strong>)<\/em><\/li>\n<\/ul>\n<\/li>\n<\/ul>\n\n\n\n<div class=\"wp-block-file\"><a href=\"https:\/\/biovegen.org\/wp-content\/uploads\/2024\/11\/6.-PTEcor_Antonio-Palomeque.pdf\" class=\"wp-block-file__button wp-element-button\" download>DOWNLOAD PRESENTATION<\/a><\/div>\n\n\n\n<ul class=\"wp-block-list\">\n<li>Francisco Balas, <em>Head of Production and R&amp;D <strong>FIKI Europe<\/strong><\/em><\/li>\n<\/ul>\n\n\n\n<div class=\"wp-block-file\"><a href=\"https:\/\/biovegen.org\/wp-content\/uploads\/2024\/11\/7.-FIKI-Europa_Francisco-Balas.pdf\" class=\"wp-block-file__button wp-element-button\" download>DOWNLOAD PRESENTATION<\/a><\/div>\n\n\n\n<ul class=\"wp-block-list\">\n<li>Javier Ramos, <em>CEO <strong>BIOBEE microelectronics<\/strong><\/em><\/li>\n<\/ul>\n\n\n\n<div class=\"wp-block-file\"><a href=\"https:\/\/biovegen.org\/wp-content\/uploads\/2024\/11\/8.-BIOBEE_Javier-Ramos-1.pdf\" class=\"wp-block-file__button wp-element-button\" download>DOWNLOAD PRESENTATION<\/a><\/div>\n\n\n\n<ul class=\"wp-block-list\">\n<li><strong>12:20 p.m. Financing opportunities for the agri-food sector<\/strong>\n<ul class=\"wp-block-list\">\n<li>Maria Jose Tomas, <em>Department of Institutional Promotion and Territorial Cooperation. Directorate of Innovation Policies<\/em><\/li>\n<\/ul>\n<\/li>\n<\/ul>\n\n\n\n<div class=\"wp-block-file\"><a href=\"https:\/\/biovegen.org\/wp-content\/uploads\/2024\/11\/9.-CDTI_Maria-Jose-Tomas.pdf\" class=\"wp-block-file__button wp-element-button\" download>DOWNLOAD PRESENTATION<\/a><\/div>\n\n\n\n<ul class=\"wp-block-list\">\n<li><strong>12:35 h. Round table<\/strong>\n<ul class=\"wp-block-list\">\n<li>Mario de la Fuente, <em>manager of the <strong>PTV<\/strong><\/em><\/li>\n\n\n\n<li>David Lapuente, <em>Project Manager <strong>BIOVEGEN<\/strong><\/em><\/li>\n\n\n\n<li>Juan Martinez, <em>technical secretary of <strong>PTF4LS<\/strong><\/em><\/li>\n<\/ul>\n<\/li>\n\n\n\n<li><strong>13:30 h. Visit to INTAEX facilities \/ Cocktail Networking<\/strong><\/li>\n<\/ul>","protected":false},"excerpt":{"rendered":"<p>El pasado 19 de noviembre de 2024, BIOVEGEN en colaboraci\u00f3n con la Plataforma Tecnol\u00f3gica Food for Life Spain (PTF4LS) y la Plataforma Tecnol\u00f3gica del Vino (PTV), organiz\u00f3 la segunda Jornada del Grupo Interplataformas Agroalimentarias: Impulsando la I+D del sector agroalimentario. El evento se llev\u00f3 a cabo en las instalaciones del Instituto Tecnol\u00f3gico Agroalimentario de Extremadura [&hellip;]<\/p>\n","protected":false},"author":7,"featured_media":21930,"comment_status":"open","ping_status":"open","sticky":false,"template":"","format":"standard","meta":{"_acf_changed":false,"inline_featured_image":false,"footnotes":""},"categories":[19],"tags":[],"class_list":["post-21883","post","type-post","status-publish","format-standard","has-post-thumbnail","hentry","category-noticias"],"acf":[],"_links":{"self":[{"href":"https:\/\/biovegen.org\/en\/wp-json\/wp\/v2\/posts\/21883","targetHints":{"allow":["GET"]}}],"collection":[{"href":"https:\/\/biovegen.org\/en\/wp-json\/wp\/v2\/posts"}],"about":[{"href":"https:\/\/biovegen.org\/en\/wp-json\/wp\/v2\/types\/post"}],"author":[{"embeddable":true,"href":"https:\/\/biovegen.org\/en\/wp-json\/wp\/v2\/users\/7"}],"replies":[{"embeddable":true,"href":"https:\/\/biovegen.org\/en\/wp-json\/wp\/v2\/comments?post=21883"}],"version-history":[{"count":0,"href":"https:\/\/biovegen.org\/en\/wp-json\/wp\/v2\/posts\/21883\/revisions"}],"wp:featuredmedia":[{"embeddable":true,"href":"https:\/\/biovegen.org\/en\/wp-json\/wp\/v2\/media\/21930"}],"wp:attachment":[{"href":"https:\/\/biovegen.org\/en\/wp-json\/wp\/v2\/media?parent=21883"}],"wp:term":[{"taxonomy":"category","embeddable":true,"href":"https:\/\/biovegen.org\/en\/wp-json\/wp\/v2\/categories?post=21883"},{"taxonomy":"post_tag","embeddable":true,"href":"https:\/\/biovegen.org\/en\/wp-json\/wp\/v2\/tags?post=21883"}],"curies":[{"name":"wp","href":"https:\/\/api.w.org\/{rel}","templated":true}]}}