{"id":18820,"date":"2023-12-21T15:41:15","date_gmt":"2023-12-21T14:41:15","guid":{"rendered":"https:\/\/biovegen.org\/?p=18820"},"modified":"2023-12-27T13:22:55","modified_gmt":"2023-12-27T12:22:55","slug":"celebrada-la-jornada-grupo-interplataformas-agroalimentarias","status":"publish","type":"post","link":"https:\/\/biovegen.org\/en\/noticias\/celebrada-la-jornada-grupo-interplataformas-agroalimentarias\/","title":{"rendered":"Agri-Food Interplatform Group Conference held"},"content":{"rendered":"<p>On December 21, BIOVEGEN co-organized, together with the Food for Life Spain Technology Platform (PTF4LS) and the Wine Technology Platform (PTV), the first Agri-Food Interplatforms Group Conference. The event was held at the CARTIF Technology Center facilities and could also be followed electronically. The meeting, in which more than 60 professionals from the agri-food sector participated, began with a presentation of the organizing Platforms and the host Technology Center. Next, the day featured specific examples of companies belonging to these Platforms and a presentation of the financing possibilities managed by CDTI. In the case of BIOVEGEN, BIOME MAKERS was the partner company in charge of making a presentation about its mission and objectives. In addition, the meeting also offered attendees the possibility of visiting the facilities of the CARTIF Technology Center.<\/p>\n\n\n\n<h2 class=\"wp-block-heading\">Program<\/h2>\n\n\n\n<ul class=\"wp-block-list\">\n<li><strong>9:30-9:40. Welcome<\/strong>\n<ul class=\"wp-block-list\">\n<li>Sergio Sanz, <em>Deputy Director General of CARTIF, together with the three Technology Platforms.<\/em><\/li>\n<\/ul>\n<\/li>\n\n\n\n<li><strong>9:40-10:00. Food for Life-Spain Technological Platform.<\/strong> \n<ul class=\"wp-block-list\">\n<li>Eduardo Cotillas, <em>Sec. Gral. Food for Life-Spain.<\/em><\/li>\n<\/ul>\n<\/li>\n\n\n\n<li><strong>10:00-10:20<\/strong>.&nbsp;<strong>Wine Technology Platform. <\/strong>\n<ul class=\"wp-block-list\">\n<li>Andrea Casquete, <em>R&amp;D&amp;i Technician and Project Manager of the Wine Technology Platform (PTV).<\/em><\/li>\n<\/ul>\n<\/li>\n\n\n\n<li><strong>10:20-10:40: Plant Biotechnology Technological Platform<\/strong>. \n<ul class=\"wp-block-list\">\n<li>David Lapuente, R<em>BIOVEGEN Project Manager<\/em>.<\/li>\n<\/ul>\n<\/li>\n\n\n\n<li><strong>10:40-11:00<\/strong>.&nbsp;<strong>Technological Capacities of the CARTIF Technology Center adapted to the Agri-Food Sector.<\/strong> \n<ul class=\"wp-block-list\">\n<li>Alberto Moral, <em>Director of the Agri-Food and Processes Division<\/em>.<\/li>\n<\/ul>\n<\/li>\n\n\n\n<li><em>coffee break<\/em><\/li>\n\n\n\n<li><strong>11:20-11:40.<\/strong>&nbsp;<strong>\u201cThe Agri-Food Sector of Castilla-Le\u00f3n seen through Innovation.\u201d <\/strong>\n<ul class=\"wp-block-list\">\n<li>Cristina Ram\u00edrez de Lara, <em>director of the VITARTIS Cluster.<\/em><\/li>\n<\/ul>\n<\/li>\n\n\n\n<li><strong>11:40-12:00<\/strong>.&nbsp;<strong>PTV Partner: Jose Pariente<\/strong> \n<ul class=\"wp-block-list\">\n<li>Martina Pariente, <em>technical director of Bodega Jos\u00e9 Pariente<\/em>.<\/li>\n<\/ul>\n<\/li>\n\n\n\n<li><strong>12:00-12:20. BIOVEGEN Partner: Biome Makers.<\/strong>\n<ul class=\"wp-block-list\">\n<li>Alberto Acedo,<em> CSO and co-founder of Biome Makers<\/em>.<\/li>\n<\/ul>\n<\/li>\n\n\n\n<li><strong>12:20-12:40<\/strong>.&nbsp;<strong>\u201cFinancing opportunities for the Agri-Food Sector.\u201d<\/strong> \n<ul class=\"wp-block-list\">\n<li>Carlos I. Franco,<em> CDTI<\/em>.<\/li>\n<\/ul>\n<\/li>\n\n\n\n<li><strong>12:40-13:30.<\/strong>&nbsp;<strong>Visit to CARTIF facilities.<\/strong><\/li>\n\n\n\n<li><em>Catering networking<\/em><\/li>\n<\/ul>","protected":false},"excerpt":{"rendered":"<p>El pasado 21 de diciembre BIOVEGEN coorganiz\u00f3, junto a la Plataforma Tecnol\u00f3gica Food for Life Spain (PTF4LS) y la Plataforma Tecnol\u00f3gica del Vino (PTV), la primera Jornada del Grupo Interplataformas Agroalimentarias. El evento se celebr\u00f3 en las instalaciones del Centro Tecnol\u00f3gico CARTIF y tambi\u00e9n se pudo seguir de manera telem\u00e1tica. El encuentro, en el que [&hellip;]<\/p>\n","protected":false},"author":5,"featured_media":18821,"comment_status":"open","ping_status":"open","sticky":false,"template":"","format":"standard","meta":{"_acf_changed":false,"inline_featured_image":false,"footnotes":""},"categories":[19],"tags":[],"class_list":["post-18820","post","type-post","status-publish","format-standard","has-post-thumbnail","hentry","category-noticias"],"acf":[],"_links":{"self":[{"href":"https:\/\/biovegen.org\/en\/wp-json\/wp\/v2\/posts\/18820","targetHints":{"allow":["GET"]}}],"collection":[{"href":"https:\/\/biovegen.org\/en\/wp-json\/wp\/v2\/posts"}],"about":[{"href":"https:\/\/biovegen.org\/en\/wp-json\/wp\/v2\/types\/post"}],"author":[{"embeddable":true,"href":"https:\/\/biovegen.org\/en\/wp-json\/wp\/v2\/users\/5"}],"replies":[{"embeddable":true,"href":"https:\/\/biovegen.org\/en\/wp-json\/wp\/v2\/comments?post=18820"}],"version-history":[{"count":0,"href":"https:\/\/biovegen.org\/en\/wp-json\/wp\/v2\/posts\/18820\/revisions"}],"wp:featuredmedia":[{"embeddable":true,"href":"https:\/\/biovegen.org\/en\/wp-json\/wp\/v2\/media\/18821"}],"wp:attachment":[{"href":"https:\/\/biovegen.org\/en\/wp-json\/wp\/v2\/media?parent=18820"}],"wp:term":[{"taxonomy":"category","embeddable":true,"href":"https:\/\/biovegen.org\/en\/wp-json\/wp\/v2\/categories?post=18820"},{"taxonomy":"post_tag","embeddable":true,"href":"https:\/\/biovegen.org\/en\/wp-json\/wp\/v2\/tags?post=18820"}],"curies":[{"name":"wp","href":"https:\/\/api.w.org\/{rel}","templated":true}]}}