{"id":16906,"date":"2023-05-19T08:27:43","date_gmt":"2023-05-19T08:27:43","guid":{"rendered":"https:\/\/biovegen.org\/?p=16906"},"modified":"2023-05-19T08:27:44","modified_gmt":"2023-05-19T08:27:44","slug":"biovegen-asiste-a-la-reunion-de-trabajo-conjunto-para-el-lanzamiento-del-cluster-de-alimentacion-de-la-comunidad-de-madrid","status":"publish","type":"post","link":"https:\/\/biovegen.org\/en\/noticias\/biovegen-asiste-a-la-reunion-de-trabajo-conjunto-para-el-lanzamiento-del-cluster-de-alimentacion-de-la-comunidad-de-madrid\/","title":{"rendered":"BIOVEGEN attends the joint work meeting to launch the Food Cluster of the Community of Madrid"},"content":{"rendered":"<p>On May 18, BIOVEGEN attended the joint work meeting to launch the Food Cluster of the Community of Madrid, which took place in the Assembly Hall of the Santo\u00f1a Palace of the Madrid Chamber of Commerce. At this event, the main agents of the food sector were convened to share the vision of the opportunities to create an environment of public-private collaboration and initiate the launch of the agri-food cluster of the community of Madrid. This cluster aims to promote collaboration between universities, R&amp;D centers and the productive fabric of the agri-food sector, in order to facilitate participation in national and European calls and thus strengthen the competitiveness of this sector.<\/p>","protected":false},"excerpt":{"rendered":"<p>El pasado 18 de mayo BIOVEGEN asisti\u00f3 a la celebraci\u00f3n de la reuni\u00f3n de trabajo conjunto para el lanzamiento del Cluster de alimentaci\u00f3n de la Comunidad de Madrid, que tuvo lugar en el Sal\u00f3n de actos del Palacio de Santo\u00f1a de la C\u00e1mara de Comercio de Madrid. En este evento, se convoc\u00f3 a los principales [&hellip;]<\/p>\n","protected":false},"author":5,"featured_media":16907,"comment_status":"open","ping_status":"open","sticky":false,"template":"","format":"standard","meta":{"_acf_changed":false,"inline_featured_image":false,"footnotes":""},"categories":[19],"tags":[],"class_list":["post-16906","post","type-post","status-publish","format-standard","has-post-thumbnail","hentry","category-noticias"],"acf":[],"_links":{"self":[{"href":"https:\/\/biovegen.org\/en\/wp-json\/wp\/v2\/posts\/16906","targetHints":{"allow":["GET"]}}],"collection":[{"href":"https:\/\/biovegen.org\/en\/wp-json\/wp\/v2\/posts"}],"about":[{"href":"https:\/\/biovegen.org\/en\/wp-json\/wp\/v2\/types\/post"}],"author":[{"embeddable":true,"href":"https:\/\/biovegen.org\/en\/wp-json\/wp\/v2\/users\/5"}],"replies":[{"embeddable":true,"href":"https:\/\/biovegen.org\/en\/wp-json\/wp\/v2\/comments?post=16906"}],"version-history":[{"count":0,"href":"https:\/\/biovegen.org\/en\/wp-json\/wp\/v2\/posts\/16906\/revisions"}],"wp:featuredmedia":[{"embeddable":true,"href":"https:\/\/biovegen.org\/en\/wp-json\/wp\/v2\/media\/16907"}],"wp:attachment":[{"href":"https:\/\/biovegen.org\/en\/wp-json\/wp\/v2\/media?parent=16906"}],"wp:term":[{"taxonomy":"category","embeddable":true,"href":"https:\/\/biovegen.org\/en\/wp-json\/wp\/v2\/categories?post=16906"},{"taxonomy":"post_tag","embeddable":true,"href":"https:\/\/biovegen.org\/en\/wp-json\/wp\/v2\/tags?post=16906"}],"curies":[{"name":"wp","href":"https:\/\/api.w.org\/{rel}","templated":true}]}}