{"id":13771,"date":"2022-06-13T09:36:41","date_gmt":"2022-06-13T09:36:41","guid":{"rendered":"https:\/\/biovegen.org\/?p=13771"},"modified":"2022-06-14T10:19:54","modified_gmt":"2022-06-14T10:19:54","slug":"biovegen-asiste-al-webinar-perte-de-economia-circular","status":"publish","type":"post","link":"https:\/\/biovegen.org\/en\/noticias\/biovegen-asiste-al-webinar-perte-de-economia-circular\/","title":{"rendered":"BIOVEGEN attends the \u201cPERTE of Circular Economy\u201d webinar"},"content":{"rendered":"<p>On June 2, the InterPlataformas Circular Economy Group, to which BIOVEGEN belongs, organized together with INCOTEC, the Ministry of Ecological Transition and Demographic Challenge and APTE (Association of Scientific and Technological Parks of Spain) an informative webinar on the next call for transversal aid within the framework of the Circular Economy PERTE. During the event, which brought together more than 400 attendees, a global vision of the Circular Economy PERTE was offered and the importance of the circular economy for the science-technology-business system was highlighted.<\/p>\n\n\n\n<p>The recording of the event is now available:<\/p>\n\n\n\n<figure class=\"wp-block-embed aligncenter is-type-video is-provider-youtube wp-block-embed-youtube wp-embed-aspect-16-9 wp-has-aspect-ratio\"><div class=\"wp-block-embed__wrapper\">\n<div class='wpo_youtube_preview_container'><img src=\"https:\/\/biovegen.org\/wp-content\/cache\/wpo-youtube-thumbnails\/1cf9Z93JwGQ-maxresdefault.jpg\" class=\"wpo_youtube_preview\" data-video-url=\"https:\/\/www.youtube.com\/embed\/1cf9Z93JwGQ?feature=oembed\" alt=\"YouTube thumbnail\" data-iframe-attr=\"{&quot;title&quot;:&quot;Webinar PERTE Econom\\u00eda Circular&quot;,&quot;width&quot;:&quot;500&quot;,&quot;height&quot;:&quot;281&quot;,&quot;src&quot;:&quot;https:\\\/\\\/www.youtube.com\\\/embed\\\/1cf9Z93JwGQ?feature=oembed&quot;,&quot;frameborder&quot;:&quot;0&quot;,&quot;allow&quot;:&quot;accelerometer; autoplay; clipboard-write; encrypted-media; gyroscope; picture-in-picture; web-share&quot;,&quot;referrerpolicy&quot;:&quot;strict-origin-when-cross-origin&quot;,&quot;allowfullscreen&quot;:&quot;&quot;}\"\/><span class=\"wpo_youtube_preview_overlay\"><img src=\"https:\/\/biovegen.org\/wp-content\/plugins\/wp-optimize-premium\/images\/icon\/icons8-youtube-96.svg\" alt=\"YouTube icon\"\/><\/span><\/div>\n<\/div><\/figure>","protected":false},"excerpt":{"rendered":"<p>El pasado 2 de junio el Grupo InterPlataformas de Econom\u00eda Circular, al que pertenece BIOVEGEN, organiz\u00f3 junto a\u00a0INCOTEC,\u00a0el Ministerio de Transici\u00f3n Ecol\u00f3gica y Reto Demogr\u00e1fico y APTE (Asociaci\u00f3n de Parques Cient\u00edficos y Tecnol\u00f3gicos de Espa\u00f1a) un webinar informativo sobre la pr\u00f3xima convocatoria de ayudas transversales en el marco del PERTE de Econom\u00eda Circular.\u00a0Durante el evento, [&hellip;]<\/p>\n","protected":false},"author":5,"featured_media":13772,"comment_status":"open","ping_status":"open","sticky":false,"template":"","format":"standard","meta":{"_acf_changed":false,"inline_featured_image":false,"footnotes":""},"categories":[19],"tags":[],"class_list":["post-13771","post","type-post","status-publish","format-standard","has-post-thumbnail","hentry","category-noticias"],"acf":[],"_links":{"self":[{"href":"https:\/\/biovegen.org\/en\/wp-json\/wp\/v2\/posts\/13771","targetHints":{"allow":["GET"]}}],"collection":[{"href":"https:\/\/biovegen.org\/en\/wp-json\/wp\/v2\/posts"}],"about":[{"href":"https:\/\/biovegen.org\/en\/wp-json\/wp\/v2\/types\/post"}],"author":[{"embeddable":true,"href":"https:\/\/biovegen.org\/en\/wp-json\/wp\/v2\/users\/5"}],"replies":[{"embeddable":true,"href":"https:\/\/biovegen.org\/en\/wp-json\/wp\/v2\/comments?post=13771"}],"version-history":[{"count":0,"href":"https:\/\/biovegen.org\/en\/wp-json\/wp\/v2\/posts\/13771\/revisions"}],"wp:featuredmedia":[{"embeddable":true,"href":"https:\/\/biovegen.org\/en\/wp-json\/wp\/v2\/media\/13772"}],"wp:attachment":[{"href":"https:\/\/biovegen.org\/en\/wp-json\/wp\/v2\/media?parent=13771"}],"wp:term":[{"taxonomy":"category","embeddable":true,"href":"https:\/\/biovegen.org\/en\/wp-json\/wp\/v2\/categories?post=13771"},{"taxonomy":"post_tag","embeddable":true,"href":"https:\/\/biovegen.org\/en\/wp-json\/wp\/v2\/tags?post=13771"}],"curies":[{"name":"wp","href":"https:\/\/api.w.org\/{rel}","templated":true}]}}