{"id":13478,"date":"2022-05-23T15:08:22","date_gmt":"2022-05-23T15:08:22","guid":{"rendered":"https:\/\/biovegen.org\/?p=13478"},"modified":"2022-11-10T15:48:48","modified_gmt":"2022-11-10T15:48:48","slug":"biovegen-participo-en-el-upm-day","status":"publish","type":"post","link":"https:\/\/biovegen.org\/en\/noticias\/biovegen-participo-en-el-upm-day\/","title":{"rendered":"BIOVEGEN participates in UPM Day"},"content":{"rendered":"<p>BIOVEGEN participated in the event to present the technological portfolio and companies <em>spin-off<\/em> from the Center for Plant Biotechnology and Genomics, CBGP (UPM-INIA\/CSIC). The meeting was held on the 18th within the framework of UPM Day and aimed to provide solutions and products that contribute to improving the sustainability of agricultural production and addressing the present\/future challenges of food production. During the presentation of BIOVEGEN, the activities of the Technological Platform were presented and the importance of public-private collaboration and science-business cooperation in R&amp;D&amp;I in the agrobiotechnology sector was explained.<\/p>\n\n\n<div class=\"wp-block-image\">\n<figure class=\"aligncenter size-full\"><img fetchpriority=\"high\" decoding=\"async\" width=\"567\" height=\"317\" src=\"data:image\/gif;base64,R0lGODlhAQABAAAAACH5BAEKAAEALAAAAAABAAEAAAICTAEAOw==\" alt=\"\" class=\"wp-image-15245 lazyload\" sizes=\"(max-width: 567px) 100vw, 567px\" data-src=\"https:\/\/biovegen.org\/wp-content\/uploads\/2022\/11\/upmday-microclimatt.jpg\" data-srcset=\"https:\/\/biovegen.org\/wp-content\/uploads\/2022\/11\/upmday-microclimatt.jpg 567w, https:\/\/biovegen.org\/wp-content\/uploads\/2022\/11\/upmday-microclimatt-300x168.jpg 300w\"><figcaption>Gonzaga Ruiz de Gauna, Manager of BIOVEGEN presenting the MICROCLIMATT project.<\/figcaption><\/figure>\n<\/div>\n\n\n<p>Furthermore, this event allowed BIOVEGEN to present the objectives and characteristics of the MICROCLIMATT Operational Group, a project whose objective is to highlight the essential role of agricultural biostimulants. The MicroClimatt Operating Group, with a budget of 557,816.49 euros, is co-financed by the&nbsp;<a rel=\"noreferrer noopener\" href=\"https:\/\/ec.europa.eu\/info\/food-farming-fisheries\/key-policies\/common-agricultural-policy\/rural-development_es\" target=\"_blank\">European Union to 80% from the European Agricultural Fund for Rural Development (EAFRD)<\/a>&nbsp;and 20% under the Ministry of Agriculture, Fisheries and Food, with the managing authority in charge of applying the aid being the General Directorate of Rural Development, Innovation and Agri-Food Training (DGDRIFA).<\/p>\n\n\n<div class=\"wp-block-image\">\n<figure class=\"aligncenter size-full is-resized\"><img decoding=\"async\" src=\"data:image\/gif;base64,R0lGODlhAQABAAAAACH5BAEKAAEALAAAAAABAAEAAAICTAEAOw==\" alt=\"\" class=\"wp-image-15233 lazyload\" width=\"524\" height=\"335\" sizes=\"(max-width: 524px) 100vw, 524px\" data-src=\"https:\/\/biovegen.org\/wp-content\/uploads\/2022\/11\/CARTEL-GO-MICROCLIMATT.jpg\" data-srcset=\"https:\/\/biovegen.org\/wp-content\/uploads\/2022\/11\/CARTEL-GO-MICROCLIMATT.jpg 803w, https:\/\/biovegen.org\/wp-content\/uploads\/2022\/11\/CARTEL-GO-MICROCLIMATT-600x383.jpg 600w, https:\/\/biovegen.org\/wp-content\/uploads\/2022\/11\/CARTEL-GO-MICROCLIMATT-300x192.jpg 300w, https:\/\/biovegen.org\/wp-content\/uploads\/2022\/11\/CARTEL-GO-MICROCLIMATT-768x491.jpg 768w\"><\/figure>\n<\/div>\n\n\n<blockquote class=\"wp-block-quote is-layout-flow wp-block-quote-is-layout-flow\"><p><em>\u00abResponsible for content: MICROCLIMATT Operational Group\u00bb<\/em><\/p><\/blockquote>","protected":false},"excerpt":{"rendered":"<p>BIOVEGEN particip\u00f3 en el evento de presentaci\u00f3n del portafolio tecnol\u00f3gico y empresas spin-off del Centro de Biotecnolog\u00eda&nbsp;y Gen\u00f3mica de Plantas, CBGP (UPM-INIA\/CSIC). El encuentro se celebr\u00f3 el pasado d\u00eda 18 en el marco del UPM Day y tuvo como objetivo&nbsp;proporcionar soluciones y productos que contribuyan a mejorar la sostenibilidad de la producci\u00f3n agr\u00edcola y abordar [&hellip;]<\/p>\n","protected":false},"author":5,"featured_media":13479,"comment_status":"open","ping_status":"open","sticky":false,"template":"","format":"standard","meta":{"_acf_changed":false,"inline_featured_image":false,"footnotes":""},"categories":[19],"tags":[],"class_list":["post-13478","post","type-post","status-publish","format-standard","has-post-thumbnail","hentry","category-noticias"],"acf":[],"_links":{"self":[{"href":"https:\/\/biovegen.org\/en\/wp-json\/wp\/v2\/posts\/13478","targetHints":{"allow":["GET"]}}],"collection":[{"href":"https:\/\/biovegen.org\/en\/wp-json\/wp\/v2\/posts"}],"about":[{"href":"https:\/\/biovegen.org\/en\/wp-json\/wp\/v2\/types\/post"}],"author":[{"embeddable":true,"href":"https:\/\/biovegen.org\/en\/wp-json\/wp\/v2\/users\/5"}],"replies":[{"embeddable":true,"href":"https:\/\/biovegen.org\/en\/wp-json\/wp\/v2\/comments?post=13478"}],"version-history":[{"count":0,"href":"https:\/\/biovegen.org\/en\/wp-json\/wp\/v2\/posts\/13478\/revisions"}],"wp:featuredmedia":[{"embeddable":true,"href":"https:\/\/biovegen.org\/en\/wp-json\/wp\/v2\/media\/13479"}],"wp:attachment":[{"href":"https:\/\/biovegen.org\/en\/wp-json\/wp\/v2\/media?parent=13478"}],"wp:term":[{"taxonomy":"category","embeddable":true,"href":"https:\/\/biovegen.org\/en\/wp-json\/wp\/v2\/categories?post=13478"},{"taxonomy":"post_tag","embeddable":true,"href":"https:\/\/biovegen.org\/en\/wp-json\/wp\/v2\/tags?post=13478"}],"curies":[{"name":"wp","href":"https:\/\/api.w.org\/{rel}","templated":true}]}}