{"id":11323,"date":"2021-09-13T12:06:00","date_gmt":"2021-09-13T12:06:00","guid":{"rendered":"https:\/\/biovegen.org\/?p=11323"},"modified":"2021-09-15T12:09:03","modified_gmt":"2021-09-15T12:09:03","slug":"celebrada-la-sesion-ciencia-empresa-en-la-xiv-reunion-de-la-secivtv-2021","status":"publish","type":"post","link":"https:\/\/biovegen.org\/en\/noticias\/celebrada-la-sesion-ciencia-empresa-en-la-xiv-reunion-de-la-secivtv-2021\/","title":{"rendered":"The Science-Business Session held at the XIV Meeting of the SECIVTV 2021"},"content":{"rendered":"<p>The <strong>XV Meeting of the Spanish Cultivation Society <em>in vitro <\/em>of Plant Tissues (SECIVTV)&nbsp;<\/strong>took place on September 8, 9 and 10 in El Ejido, Almer\u00eda, under the motto <strong>\u00abIn vitro cultures: successful connection between research and business\u00bb<\/strong>. The event featured a <strong>science-business session&nbsp;<\/strong>BIOVEGEN participated as moderator and gave a presentation on the driving role of the Technology Platform in the agri-food sector. This session also featured the participation of different innovative companies that explained their lines of action in relation to cultivation. <em>in vitro <\/em>of plant tissues and with a round table debate among all attendees.<\/p>\n\n\n\n<div style=\"height:50px\" aria-hidden=\"true\" class=\"wp-block-spacer\"><\/div>\n\n\n\n<h2 class=\"wp-block-heading\">Science-Business Session Program<\/h2>\n\n\n\n<p><strong>11:30 a.m. Science-Business Session<\/strong><br><strong>Moderators<\/strong>:<\/p>\n\n\n\n<ul class=\"wp-block-list\"><li>Mr. Pedro Pablo Gallego Veigas. <em>University of Vigo. Faculty of Biology<\/em><\/li><li>Mr. David Lapuente. <em>Biovegen, Madrid<\/em><\/li><\/ul>\n\n\n\n<p><strong>Companies:<\/strong><\/p>\n\n\n\n<ul class=\"wp-block-list\"><li><strong>Seeds 4 innovation. <\/strong>Edgar Garcia<\/li><li><strong>Valgenetics.<\/strong> Consuelo Penella<\/li><li><strong>Maceda Tragsa Nursery. <\/strong>Beatriz Cuenca<\/li><li><strong>Phytoplant Research SL <\/strong>Carlos Ferreiro<\/li><li><strong>Cultivate <\/strong>Margarita Fraga<\/li><li><strong>Vitrosur Lab.<\/strong> Susana Vilari\u00f1o<\/li><li><strong>Invisa Plant Biotechnology. <\/strong>Ines Mataix<\/li><li><strong>Provedo Nurseries. <\/strong>Jose Diaz Riquelme<\/li><li><strong>Semillero Laimund S,L. <\/strong>Teresa Anton<\/li><\/ul>\n\n\n\n<p><strong>12:30 p.m. Round table<\/strong><\/p>","protected":false},"excerpt":{"rendered":"<p>La XV Reuni\u00f3n de la Sociedad Espa\u00f1ola de Cultivo in vitro de Tejidos Vegetales (SECIVTV)&nbsp;tuvo lugar los pasados d\u00edas 8, 9 y 10 de septiembre en El Ejido, Almer\u00eda,&nbsp;bajo el lema \u00abCultivos in vitro: conexi\u00f3n de \u00e9xito entre investigaci\u00f3n y empresa\u00bb. El evento cont\u00f3 con una sesi\u00f3n ciencia-empresa&nbsp;en la particip\u00f3 BIOVEGEN como moderador y realizando [&hellip;]<\/p>\n","protected":false},"author":1,"featured_media":11324,"comment_status":"open","ping_status":"open","sticky":false,"template":"","format":"standard","meta":{"_acf_changed":false,"inline_featured_image":false,"footnotes":""},"categories":[19],"tags":[],"class_list":["post-11323","post","type-post","status-publish","format-standard","has-post-thumbnail","hentry","category-noticias"],"acf":[],"_links":{"self":[{"href":"https:\/\/biovegen.org\/en\/wp-json\/wp\/v2\/posts\/11323","targetHints":{"allow":["GET"]}}],"collection":[{"href":"https:\/\/biovegen.org\/en\/wp-json\/wp\/v2\/posts"}],"about":[{"href":"https:\/\/biovegen.org\/en\/wp-json\/wp\/v2\/types\/post"}],"author":[{"embeddable":true,"href":"https:\/\/biovegen.org\/en\/wp-json\/wp\/v2\/users\/1"}],"replies":[{"embeddable":true,"href":"https:\/\/biovegen.org\/en\/wp-json\/wp\/v2\/comments?post=11323"}],"version-history":[{"count":0,"href":"https:\/\/biovegen.org\/en\/wp-json\/wp\/v2\/posts\/11323\/revisions"}],"wp:featuredmedia":[{"embeddable":true,"href":"https:\/\/biovegen.org\/en\/wp-json\/wp\/v2\/media\/11324"}],"wp:attachment":[{"href":"https:\/\/biovegen.org\/en\/wp-json\/wp\/v2\/media?parent=11323"}],"wp:term":[{"taxonomy":"category","embeddable":true,"href":"https:\/\/biovegen.org\/en\/wp-json\/wp\/v2\/categories?post=11323"},{"taxonomy":"post_tag","embeddable":true,"href":"https:\/\/biovegen.org\/en\/wp-json\/wp\/v2\/tags?post=11323"}],"curies":[{"name":"wp","href":"https:\/\/api.w.org\/{rel}","templated":true}]}}