{"id":10434,"date":"2021-05-31T09:19:03","date_gmt":"2021-05-31T09:19:03","guid":{"rendered":"https:\/\/biovegen.org\/?p=10434"},"modified":"2021-05-31T09:19:28","modified_gmt":"2021-05-31T09:19:28","slug":"onda-cero-entrevista-a-gonzaga-ruiz-de-gauna-gerente-de-biovegen-en-onda-agraria","status":"publish","type":"post","link":"https:\/\/biovegen.org\/en\/noticias\/onda-cero-entrevista-a-gonzaga-ruiz-de-gauna-gerente-de-biovegen-en-onda-agraria\/","title":{"rendered":"Onda Cero: Interview with Gonzaga Ruiz de Gauna, manager of BIOVEGEN, in Onda Agraria"},"content":{"rendered":"<p>On May 30, 2021, BIOVEGEN was interviewed by Onda Cero in the program \u201cOnda Agraria\u201d. During the interview, the manager of BIOVEGEN, Gonzaga Ruiz de Gauna, spoke about the Symposium \u201cGenomic Editing of Crops: beyond science\u201d that took place on May 12 and which brought together more than 400 people virtually. participants, including prominent scientists, legal experts and representatives of the Spanish agri-food sector, to review the state of genome editing and its application to agriculture. In addition, he explained the operation of the Platform and the importance of plant biotechnology and its future prospects in the field of the agri-food sector.<\/p>\n\n\n\n<div class=\"wp-block-buttons is-content-justification-center is-layout-flex wp-block-buttons-is-layout-flex\">\n<div class=\"wp-block-button\"><a class=\"wp-block-button__link\" href=\"https:\/\/www.ondacero.es\/programas\/onda-agraria\/programas-completos\/onda-agraria-307052021_2021053060b32fd928e0f00001227eb3.html\" target=\"_blank\" rel=\"noreferrer noopener\">Listen to full interview<\/a><\/div>\n<\/div>\n\n\n\n<p class=\"has-text-align-center\"><em>Interval 19:15\u201d-29:48\u201d<\/em><\/p>","protected":false},"excerpt":{"rendered":"<p>El pasado 30 de mayo de 2021, BIOVEGEN fue entrevistado por Onda Cero en el programa \u201cOnda Agraria\u201d. Durante la entrevista el gerente de BIOVEGEN, Gonzaga Ruiz de Gauna, habl\u00f3 sobre el Simposio \u00abEdici\u00f3n Gen\u00f3mica de Cultivos: m\u00e1s all\u00e1 de la ciencia\u00bb que tuvo lugar el pasado 12 de mayo y que reuni\u00f3 de manera [&hellip;]<\/p>\n","protected":false},"author":1,"featured_media":5214,"comment_status":"open","ping_status":"open","sticky":false,"template":"","format":"standard","meta":{"_acf_changed":false,"inline_featured_image":false,"footnotes":""},"categories":[46,19],"tags":[],"class_list":["post-10434","post","type-post","status-publish","format-standard","has-post-thumbnail","hentry","category-biovegen-medios-comunicacion","category-noticias"],"acf":[],"_links":{"self":[{"href":"https:\/\/biovegen.org\/en\/wp-json\/wp\/v2\/posts\/10434","targetHints":{"allow":["GET"]}}],"collection":[{"href":"https:\/\/biovegen.org\/en\/wp-json\/wp\/v2\/posts"}],"about":[{"href":"https:\/\/biovegen.org\/en\/wp-json\/wp\/v2\/types\/post"}],"author":[{"embeddable":true,"href":"https:\/\/biovegen.org\/en\/wp-json\/wp\/v2\/users\/1"}],"replies":[{"embeddable":true,"href":"https:\/\/biovegen.org\/en\/wp-json\/wp\/v2\/comments?post=10434"}],"version-history":[{"count":0,"href":"https:\/\/biovegen.org\/en\/wp-json\/wp\/v2\/posts\/10434\/revisions"}],"wp:featuredmedia":[{"embeddable":true,"href":"https:\/\/biovegen.org\/en\/wp-json\/wp\/v2\/media\/5214"}],"wp:attachment":[{"href":"https:\/\/biovegen.org\/en\/wp-json\/wp\/v2\/media?parent=10434"}],"wp:term":[{"taxonomy":"category","embeddable":true,"href":"https:\/\/biovegen.org\/en\/wp-json\/wp\/v2\/categories?post=10434"},{"taxonomy":"post_tag","embeddable":true,"href":"https:\/\/biovegen.org\/en\/wp-json\/wp\/v2\/tags?post=10434"}],"curies":[{"name":"wp","href":"https:\/\/api.w.org\/{rel}","templated":true}]}}