{"id":10140,"date":"2021-04-16T08:49:00","date_gmt":"2021-04-16T08:49:00","guid":{"rendered":"https:\/\/biovegen.org\/?p=10140"},"modified":"2021-04-21T08:56:52","modified_gmt":"2021-04-21T08:56:52","slug":"biovegen-asiste-al-webinar-fondos-europeos-para-la-industria-alimentaria-madrilena","status":"publish","type":"post","link":"https:\/\/biovegen.org\/en\/noticias\/biovegen-asiste-al-webinar-fondos-europeos-para-la-industria-alimentaria-madrilena\/","title":{"rendered":"BIOVEGEN attends the webinar \u201cEuropean Funds for the Madrid Food Industry\u201d"},"content":{"rendered":"<p>BIOVEGEN attended yesterday the meeting on \u201c<strong>European funds for the Madrid food industry<\/strong>\u201d, organized by the Association of Food Industries of the Community of Madrid (ASEACAM) and Grupo Cooperativo Cajamar. This event aimed to present the current European financing framework and its financing lines, both in direct management programs and in Next Generation funds, as well as possible coordinated projects for agri-food industries.\u00a0<\/p>\n\n\n\n<p>The meeting was attended by <strong>Silvia Pajares<\/strong>, Director of the CEIM European Funds Technical Office, who gave a summary of the current European funding framework. He highlighted the Multiannual Financial Framework, the funds <em>Next Generation EU<\/em>\u00a0and the program <em>Horizon Europe.\u00a0<\/em>Given the recent publication of Spain&#039;s definitive Recovery Plan, Silvia also focused on explaining the lines of action and investments that will most affect the agri-food sector.<\/p>\n\n\n\n<p>For its part, <strong>Mariano Gonzalez<\/strong>, Deputy Minister of the Environment of the Community of Madrid, emphasized the importance of communication between the Autonomous Communities and the Government in preparing the Recovery, Transformation and Resilience Plan. Finally, <strong>Jose Antonio Guerrero<\/strong>, Regional Director of Cajamar, made some references to the opportunities that these funds will bring to the productive fabric, as well as the responsibilities that companies will have to address in the face of the transformation of the economy.<\/p>","protected":false},"excerpt":{"rendered":"<p>BIOVEGEN asisti\u00f3 ayer al encuentro\u00a0sobre \u201cLos fondos europeos para la industria alimentaria madrile\u00f1a\u201d, organizado por la Asociaci\u00f3n de Industrias Alimentarias de la Comunidad de Madrid (ASEACAM) y Grupo Cooperativo Cajamar. Este evento tuvo como objetivo presentar el marco de financiaci\u00f3n europeo actual y sus\u00a0l\u00edneas de financiaci\u00f3n, tanto en los programas de gesti\u00f3n directa como en [&hellip;]<\/p>\n","protected":false},"author":1,"featured_media":10143,"comment_status":"open","ping_status":"open","sticky":false,"template":"","format":"standard","meta":{"_acf_changed":false,"inline_featured_image":false,"footnotes":""},"categories":[19],"tags":[],"class_list":["post-10140","post","type-post","status-publish","format-standard","has-post-thumbnail","hentry","category-noticias"],"acf":[],"_links":{"self":[{"href":"https:\/\/biovegen.org\/en\/wp-json\/wp\/v2\/posts\/10140","targetHints":{"allow":["GET"]}}],"collection":[{"href":"https:\/\/biovegen.org\/en\/wp-json\/wp\/v2\/posts"}],"about":[{"href":"https:\/\/biovegen.org\/en\/wp-json\/wp\/v2\/types\/post"}],"author":[{"embeddable":true,"href":"https:\/\/biovegen.org\/en\/wp-json\/wp\/v2\/users\/1"}],"replies":[{"embeddable":true,"href":"https:\/\/biovegen.org\/en\/wp-json\/wp\/v2\/comments?post=10140"}],"version-history":[{"count":0,"href":"https:\/\/biovegen.org\/en\/wp-json\/wp\/v2\/posts\/10140\/revisions"}],"wp:featuredmedia":[{"embeddable":true,"href":"https:\/\/biovegen.org\/en\/wp-json\/wp\/v2\/media\/10143"}],"wp:attachment":[{"href":"https:\/\/biovegen.org\/en\/wp-json\/wp\/v2\/media?parent=10140"}],"wp:term":[{"taxonomy":"category","embeddable":true,"href":"https:\/\/biovegen.org\/en\/wp-json\/wp\/v2\/categories?post=10140"},{"taxonomy":"post_tag","embeddable":true,"href":"https:\/\/biovegen.org\/en\/wp-json\/wp\/v2\/tags?post=10140"}],"curies":[{"name":"wp","href":"https:\/\/api.w.org\/{rel}","templated":true}]}}